{"id":229,"date":"2017-11-01T14:01:00","date_gmt":"2017-11-01T14:01:00","guid":{"rendered":"http:\/\/sintranspar.com.br\/?p=229"},"modified":"2017-11-01T17:10:21","modified_gmt":"2017-11-01T17:10:21","slug":"assembleia-definiu-pauta-de-negociacao-2017","status":"publish","type":"post","link":"https:\/\/sintranspar.com.br\/index.php\/2017\/11\/01\/assembleia-definiu-pauta-de-negociacao-2017\/","title":{"rendered":"Assembleia definiu pauta de negocia\u00e7\u00e3o 2017"},"content":{"rendered":"<p>Na noite de ontem, 15 de fevereiro, o Sindicato dos Trabalhadores no Servi\u00e7o P\u00fablico de Araquari realizou assembleia para cria\u00e7\u00e3o de pauta de reivindica\u00e7\u00f5es para a negocia\u00e7\u00e3o salarial 2017. A assembleia aconteceu na C\u00e2mara Municipal de Araquari e reuniu cerca de 40 servidores.<\/p>\n<p>&nbsp;<\/p>\n<p><strong>A pauta de negocia\u00e7\u00f5es<br \/>\n<\/strong>\u2022 Piso dos professores com data base para o m\u00eas de janeiro,<br \/>\n\u2022 Cumprimento de um ter\u00e7o das aulas atividades para todos os professores (hoje possui quatorze aulas, e o correto \u00e9 dezessete),<br \/>\n\u2022 Reposi\u00e7\u00e3o salarial para todos os servidores em 10%,<br \/>\n\u2022 Reg\u00eancia de classe,<br \/>\n\u2022 Seis horas di\u00e1rias para professores de educa\u00e7\u00e3o infantil,<br \/>\n\u2022 Vale alimenta\u00e7\u00e3o fixo no valor R$ 440,00 (sem preju\u00edzos de ponto facultativo, faltas ou feriados),<br \/>\n\u2022 Piso m\u00ednimo para os funcion\u00e1rios da prefeitura no valor R$ 1.500,00,<br \/>\n\u2022 Equipara\u00e7\u00e3o salarial para todo n\u00edvel superior da classe da sa\u00fade,<br \/>\n\u2022 Equipara\u00e7\u00e3o salarial de todo n\u00edvel superior do magist\u00e9rio,<br \/>\n\u2022 Gratifica\u00e7\u00e3o psf,<br \/>\n\u2022 Benef\u00edcio de plano de sa\u00fade para o servidor,<br \/>\n\u2022 Doa\u00e7\u00e3o de terreno do sindicato,<br \/>\n\u2022 Reenquadramento dos operadores de m\u00e1quina.<\/p>\n<p>Colocada em vota\u00e7\u00e3o, os servidores aprovaram a pauta de negocia\u00e7\u00e3o e elegeram os quatro membros da comiss\u00e3o, que representar\u00e1 todos os servidores durante as rodadas de negocia\u00e7\u00e3o com a administra\u00e7\u00e3o municipal.<\/p>\n<p>As reuni\u00f5es de negocia\u00e7\u00e3o salarial ficaram marcadas para o dia 15 de mar\u00e7o \u00e0s 15h, dia 22 de mar\u00e7o tamb\u00e9m \u00e0s 15h e dia 29 de mar\u00e7o \u00e0s 20h.<\/p>\n<p><span style=\"font-family: Calibri;\"><b><span style=\"font-size: x-large;\"> Membros da Comiss\u00e3o <\/span><\/b><\/span><\/p>\n<p><span style=\"font-family: Calibri;\"><b><span style=\"font-size: x-large;\"> eleitos pela assembleia<\/span><\/b><br \/>\n\u2022 Let\u00edcia Reis, da sa\u00fade;<br \/>\n\u2022 C\u00e9lia Alves das s\u00e9ries iniciais, da educa\u00e7\u00e3o;<br \/>\n\u2022 Sirlei Aparecida de Oliveira, tamb\u00e9m da educa\u00e7\u00e3o infantil;<br \/>\n<\/span><span style=\"font-family: Calibri;\"> \u2022 Angela Maria, representando os funcion\u00e1rios com o piso m\u00ednimo da prefeitura.<\/span><\/p>\n<p>&nbsp;<\/p>\n<p><img loading=\"lazy\" decoding=\"async\" class=\"alignnone size-medium wp-image-230\" src=\"https:\/\/sintranspar.com.br\/wp-content\/uploads\/2017\/11\/001-300x189.jpg\" alt=\"\" width=\"300\" height=\"189\" srcset=\"https:\/\/sintranspar.com.br\/wp-content\/uploads\/2017\/11\/001-300x189.jpg 300w, https:\/\/sintranspar.com.br\/wp-content\/uploads\/2017\/11\/001.jpg 400w\" sizes=\"auto, (max-width: 300px) 100vw, 300px\" \/>\u00a0 <img loading=\"lazy\" decoding=\"async\" class=\"alignnone wp-image-231\" src=\"https:\/\/sintranspar.com.br\/wp-content\/uploads\/2017\/11\/002-300x175.jpg\" alt=\"\" width=\"322\" height=\"188\" srcset=\"https:\/\/sintranspar.com.br\/wp-content\/uploads\/2017\/11\/002-300x175.jpg 300w, https:\/\/sintranspar.com.br\/wp-content\/uploads\/2017\/11\/002.jpg 400w\" sizes=\"auto, (max-width: 322px) 100vw, 322px\" \/><\/p>\n","protected":false},"excerpt":{"rendered":"<p>Na noite de ontem, 15 de fevereiro, o Sindicato dos Trabalhadores no Servi\u00e7o P\u00fablico de Araquari realizou assembleia para cria\u00e7\u00e3o de pauta de reivindica\u00e7\u00f5es para a negocia\u00e7\u00e3o salarial 2017. A assembleia aconteceu na C\u00e2mara Municipal de Araquari e reuniu cerca de 40 servidores. &nbsp; A pauta de negocia\u00e7\u00f5es \u2022 Piso dos professores com data base<br \/><a class=\"read-more\" href=\"https:\/\/sintranspar.com.br\/index.php\/2017\/11\/01\/assembleia-definiu-pauta-de-negociacao-2017\/\">Continue Lendo<\/a><\/p>\n","protected":false},"author":1,"featured_media":328,"comment_status":"open","ping_status":"open","sticky":false,"template":"","format":"standard","meta":{"footnotes":""},"categories":[1],"tags":[],"class_list":["post-229","post","type-post","status-publish","format-standard","has-post-thumbnail","hentry","category-inicio"],"_links":{"self":[{"href":"https:\/\/sintranspar.com.br\/index.php\/wp-json\/wp\/v2\/posts\/229","targetHints":{"allow":["GET"]}}],"collection":[{"href":"https:\/\/sintranspar.com.br\/index.php\/wp-json\/wp\/v2\/posts"}],"about":[{"href":"https:\/\/sintranspar.com.br\/index.php\/wp-json\/wp\/v2\/types\/post"}],"author":[{"embeddable":true,"href":"https:\/\/sintranspar.com.br\/index.php\/wp-json\/wp\/v2\/users\/1"}],"replies":[{"embeddable":true,"href":"https:\/\/sintranspar.com.br\/index.php\/wp-json\/wp\/v2\/comments?post=229"}],"version-history":[{"count":1,"href":"https:\/\/sintranspar.com.br\/index.php\/wp-json\/wp\/v2\/posts\/229\/revisions"}],"predecessor-version":[{"id":232,"href":"https:\/\/sintranspar.com.br\/index.php\/wp-json\/wp\/v2\/posts\/229\/revisions\/232"}],"wp:featuredmedia":[{"embeddable":true,"href":"https:\/\/sintranspar.com.br\/index.php\/wp-json\/wp\/v2\/media\/328"}],"wp:attachment":[{"href":"https:\/\/sintranspar.com.br\/index.php\/wp-json\/wp\/v2\/media?parent=229"}],"wp:term":[{"taxonomy":"category","embeddable":true,"href":"https:\/\/sintranspar.com.br\/index.php\/wp-json\/wp\/v2\/categories?post=229"},{"taxonomy":"post_tag","embeddable":true,"href":"https:\/\/sintranspar.com.br\/index.php\/wp-json\/wp\/v2\/tags?post=229"}],"curies":[{"name":"wp","href":"https:\/\/api.w.org\/{rel}","templated":true}]}}